{"id":8690,"date":"2016-03-03T17:19:15","date_gmt":"2016-03-03T15:19:15","guid":{"rendered":"https:\/\/www.fontionnel.sk\/?p=8690"},"modified":"2016-03-17T17:03:34","modified_gmt":"2016-03-17T15:03:34","slug":"ako-zalozit-obcianske-zdruzenie-v-roku-2016","status":"publish","type":"post","link":"https:\/\/www.fontionnel.sk\/cz\/zalozeni-obcanskeho-sdruzeni-na-slovensku\/","title":{"rendered":"Zalo\u017een\u00ed ob\u010dansk\u00e9ho sdru\u017een\u00ed na Slovensku"},"content":{"rendered":"<p><\/p>\n<h2>P\u0159edstaven\u00ed ob\u010dansk\u00e9ho sdru\u017een\u00ed<\/h2>\n<p>P\u0159edt\u00edm ne\u017e p\u0159istoup\u00edme k popisu toho, jak se Ob\u010dansk\u00e9 sdru\u017een\u00ed na Slovensku ( d\u00e1le jen ,, OZ&#8221; ) zakl\u00e1d\u00e1, je podstatnou sou\u010d\u00e1st\u00ed to, abychom si p\u0159esn\u011b definovali obsah pojmu ,, Ob\u010dansk\u00e9 zdru\u017eenie&#8221;. OZ se vyzna\u010duje t\u00edm, \u017ee je to pr\u00e1vnick\u00e1 osoba. Pr\u00e1vnick\u00e1 osoba jedn\u00e1 ve vlastn\u00edm jm\u00e9nem a na vlastn\u00ed odpov\u011bdnost. Zjednodu\u0161en\u011b \u0159\u00edk\u00e1me, \u017ee OZ je opr\u00e1vn\u011bno \u010dinit pr\u00e1vn\u00ed \u00fakony (uzav\u00edrat dohody o v\u00fdkonu pr\u00e1ce, pracovn\u00ed smlouvy, a podobn\u011b), za kter\u00e9 n\u00e1sledn\u011b nese i odpov\u011bdnost (mo\u017enost napaden\u00ed \u017ealobou nap\u0159.). Nesm\u00edme ov\u0161em\u00a0zapomenout na to, \u017ee \u017e\u00e1dn\u00fd z\u00e1kon n\u00e1m neukl\u00e1d\u00e1 povinnost, aby v n\u00e1zvu vznikaj\u00edc\u00edho sdru\u017een\u00ed muselo b\u00fdt ,,zdru\u017eenie&#8221;.<\/p>\n<h3>Vznik ob\u010dansk\u00e9ho sdru\u017een\u00ed<\/h3>\n<p>Moment vzniku ob\u010dansk\u00e9ho sdru\u017een\u00ed nast\u00e1v\u00e1 registrac\u00ed na Ministerstvu vnitra Slovensk\u00e9\u00a0republiky, kter\u00e9 s\u00eddl\u00ed na adrese Drie\u0148ov\u00e1 22, Bratislava. OZ je upraveno z\u00e1konnou normou \u010d . 83\/1990 Sb . Z\u00e1konod\u00e1rce p\u0159edepsal jako nezbytnost existenci dvou dokument\u016f, bez jejich\u017e registrace OZ nen\u00ed mo\u017en\u00e1. Hovo\u0159\u00edme o n\u00e1vrhu na registraci a stanov\u00e1ch. Tyto dva dokumenty taxativn\u011b vymezuje z\u00e1konod\u00e1rce v z\u00e1kon\u011b, proto je t\u0159eba vymezit si tyto dva dokumenty.<\/p>\n<h3>Dokumenty pot\u0159ebn\u00e9 k registraci ob\u010dansk\u00e9ho sdru\u017een\u00ed<\/h3>\n<div>\n<ul class=\"card-list\">\n<li>N\u00e1vrh na registraci<\/li>\n<\/ul>\n<p>P\u0159edstavuje dokument (v p\u00edsemn\u00e9 form\u011b), jeho\u017e sou\u010d\u00e1st\u00ed jsou osobn\u00ed \u00fadaje zakl\u00e1daj\u00edc\u00edch fyzick\u00fdch osob (Jm\u00e9no , P\u0159\u00edjmen\u00ed, Adresa , Rodn\u00e9 \u010d\u00edslo , vlastnoru\u010dn\u00ed podpis &#8211; podpis nen\u00ed nutn\u00e9 \u00fa\u0159edn\u011b ov\u011b\u0159it). \u017dadatel nesm\u00ed zapomenout ozna\u010dit osobu, kter\u00e1 p\u0159edstavuje tzv. zmocn\u011bnce. Zmocn\u011bnec je osoba, kter\u00e1 je opr\u00e1vn\u011bna vystupovat a \u010dinit pr\u00e1vn\u00ed \u00fakony jm\u00e9nem vznikaj\u00edc\u00edho OZ. Z\u00e1kon ur\u010duje, \u017ee tato osoba mus\u00ed b\u00fdt plnolet\u00e1.<\/p>\n<ul class=\"card-list\">\n<li>Stanovy<\/li>\n<\/ul>\n<p><\/div><br \/>\nStanovy OZ p\u0159edstavuj\u00ed nosn\u00fd dokument vznikaj\u00edc\u00edho subjektu. Stanovy OZ obligatorn\u011b (povinn\u00e9) obsahuj\u00ed n\u00e1sleduj\u00edc\u00ed skute\u010dnosti:<\/p>\n<ol>\n<li>C\u00edl \u010dinnosti OZ<\/li>\n<li>Org\u00e1ny OZ a z\u00e1rove\u0148 i zp\u016fsob ustanoven\u00ed t\u011bchto org\u00e1n\u016f<\/li>\n<li>N\u00e1zev a s\u00eddlo OZ<\/li>\n<li>Organiza\u010dn\u00ed jednotky v p\u0159\u00edpad\u011b z\u00e1jmu jejich z\u0159\u00edzen\u00ed<\/li>\n<li>Z\u00e1sady podle nich\u017e OZ bude hospoda\u0159it<\/li>\n<li>Ur\u010den\u00ed funkcion\u00e1\u0159\u016f , kte\u0159\u00ed budou opr\u00e1vn\u011bni jednat jm\u00e9nem OZ<\/li>\n<li>Pr\u00e1va a povinnosti \u010dlen\u016f<\/li>\n<\/ol>\n<h3>C\u00edl \u010dinnosti<\/h3>\n<p>Z\u00e1konod\u00e1rce nemluv\u00ed o tom, co si zakl\u00e1daj\u00edc\u00ed \u010dlenov\u00e9 mohou zvolit jako c\u00edl p\u016fsoben\u00ed OZ. Taxativn\u011b v\u0161ak vymezuje c\u00edle, kter\u00e9 z r\u016fzn\u00fdch d\u016fvod\u016f nep\u0159ich\u00e1zej\u00ed v \u00favahu. Jako p\u0159\u00edklad, je na m\u00edst\u011b uv\u00e9st , \u017ee c\u00edlem OZ nesm\u00ed b\u00fdt potla\u010dov\u00e1n\u00ed pr\u00e1v men\u0161in nebo podn\u011bcov\u00e1n\u00ed k rasov\u00e9 nen\u00e1visti. Zde jako zaj\u00edmavost je vhodn\u00e9 uv\u00e9st, \u017ee p\u0159\u00edmo v z\u00e1kon\u011b je zak\u00e1z\u00e1no zakl\u00e1dat sdru\u017een\u00ed voj\u00e1k\u016f v aktivn\u00ed slu\u017eb\u011b za \u00fa\u010delem uplat\u0148ov\u00e1n\u00ed jejich soci\u00e1ln\u00edch z\u00e1jm\u016f.<\/p>\n<p><em>P\u0159\u00edklad : C\u00edlem sdru\u017een\u00ed je sdru\u017eov\u00e1n\u00ed ob\u010dan\u016f, jejich\u017e z\u00e1jmem je kultura, spole\u010densk\u00fd \u017eivot a um\u011bn\u00ed.<\/em><\/p>\n<h3>Org\u00e1ny OZ a zp\u016fsob ustanoven\u00ed t\u011bchto org\u00e1n\u016f<\/h3>\n<p>Praxe p\u0159inesla v z\u00e1sad\u011b dva r\u016fzn\u00e9 zp\u016fsoby slo\u017een\u00ed OZ. Prvn\u00edm (nej\u010dast\u011bji se vyskytuj\u00edc\u00edm) typem je dominance jedn\u00e9 slo\u017eky OZ (p\u0159edsednictvo, shrom\u00e1\u017ed\u011bn\u00ed, p\u0159edseda), kter\u00e1 z\u00e1rove\u0148 disponuje i rozhodovac\u00ed pravomoc\u00ed v OZ. Druh\u00fdm m\u00e9n\u011b pou\u017e\u00edvan\u00fdm typem je sdru\u017een\u00ed, ve kter\u00e9m \u017e\u00e1dn\u00e1 konkr\u00e9tn\u00ed slo\u017eka nedisponuje pravomoc\u00ed rozhodovat, tedy rozhoduj\u00ed v\u0161ichni \u010dlenov\u00e9. Oba tyto typy ponech\u00e1v\u00e1 z\u00e1konod\u00e1rce jako alternativu pro \u010dleny, proto\u017ee oba typy s sebou p\u0159in\u00e1\u0161ej\u00ed sv\u00e9 v\u00fdhody i nev\u00fdhody. Tento prostor pro v\u00fdb\u011br m\u00e1 tedy logick\u00e9 opodstatn\u011bn\u00ed a nech\u00e1v\u00e1 prostor pro uv\u00e1\u017een\u00ed \u010dleny OZ pro kter\u00fd typ se rozhodnou.<\/p>\n<h3>N\u00e1zev a s\u00eddlo OZ<\/h3>\n<p>Nen\u00ed p\u0159\u00edpustn\u00e9, aby OZ, kter\u00e9 \u017e\u00e1d\u00e1 o registraci m\u011blo identick\u00fd n\u00e1zev jako ji\u017e jin\u00e9 existuj\u00edc\u00ed OZ. S\u00eddlem OZ rozum\u00edme jeho p\u0159esn\u011b zadanou adresu (ulice, popisn\u00e9\/orienta\u010dn\u00ed \u010d\u00edslo, m\u011bsto, ps\u010d). Na adresu s\u00eddla budou doru\u010dov\u00e1ny p\u00edsemnosti, atd. To, zda V\u00e1mi zvolen\u00fd n\u00e1zev OZ existuje, si m\u016f\u017eete ov\u011b\u0159it zde &#8211; <a href=\"http:\/\/www.ives.sk\/registre\/hladatoz.do;jsessionid=5273C0810FEB3BF01A8E07A981773A85?action=show&amp;formular=nazov\">evidence ob\u010dansk\u00fdch sdru\u017een\u00ed<\/a>. Doporu\u010dujeme, abyste si zvolili n\u00e1zev v slovensk\u00e9m jazyce, proto\u017ee Ministerstvo vnitra Slovensk\u00e9\u00a0republiky \u010dastokr\u00e1t zam\u00edt\u00e1 registraci OZ s jin\u00fdm, ne\u017e slovensk\u00fdm n\u00e1zvem.<\/p>\n<h3>Organiza\u010dn\u00ed jednotky v p\u0159\u00edpad\u011b z\u00e1jmu jejich z\u0159\u00edzen\u00ed<\/h3>\n<p>Pokud \u010dlenov\u00e9 OZ maj\u00ed z\u00e1jem \u010dlenit sv\u00e9 OZ na organiza\u010dn\u00ed jednotky, mus\u00ed to b\u00fdt uvedeno ve stanov\u00e1ch OZ.<\/p>\n<p>P\u0159\u00edklad: Sdru\u017een\u00ed je samostatnou pr\u00e1vnickou osobou, kter\u00e1 m\u016f\u017ee ve sv\u00e9m jm\u00e9nu nab\u00fdt pr\u00e1va a povinnosti. Postupn\u011b mohou na \u00fazem\u00ed Slovensk\u00e9 republiky vznikat region\u00e1ln\u00ed centra ob\u010dansk\u00e9ho sdru\u017een\u00ed s pr\u00e1vn\u00ed subjektivitou.<\/p>\n<h3>Z\u00e1sady podle nich\u017e bude OZ hospoda\u0159it<\/h3>\n<p>Z\u00e1konod\u00e1rce uvedl povinnost uveden\u00ed z\u00e1sad hospoda\u0159en\u00ed OZ ve stanov\u00e1ch OZ, av\u0161ak jejich bl\u00ed\u017ee nespecifikoval. V praxi je ale patrn\u00e9, \u017ee v tomto bod\u011b nach\u00e1zej\u00ed opodstatn\u011bn\u00ed budouc\u00ed p\u0159\u00edjmy a v\u00fddaje, jako\u017e i zp\u016fsob nakl\u00e1d\u00e1n\u00ed s majetkem OZ.<\/p>\n<h3>Ur\u010den\u00ed funkcion\u00e1\u0159\u016f, kte\u0159\u00ed budou opr\u00e1vn\u011bni jednat jm\u00e9nem OZ<\/h3>\n<p>Prostor zde dost\u00e1v\u00e1 ur\u010den\u00ed jin\u00e9ho \u010dlena krom\u011b zmocn\u011bnce, kter\u00fd bude moci prov\u00e1d\u011bt \u00fakony jm\u00e9nem a na odpov\u011bdnost OZ.<\/p>\n<p><em>P\u0159\u00edklad: P\u0159edseda sdru\u017een\u00ed rozhoduje o v\u0161ech z\u00e1sadn\u00edch ot\u00e1zk\u00e1ch sdru\u017een\u00ed a jeho \u010dinnosti. P\u0159edseda sdru\u017een\u00ed je statut\u00e1rn\u00edm org\u00e1nem sdru\u017een\u00ed, kter\u00fd jedn\u00e1 a podepisuje se jm\u00e9nem sdru\u017een\u00ed samostatn\u011b.<\/em><\/p>\n<h3>Pr\u00e1va a povinnosti \u010dlen\u016f<\/h3>\n<p>Z\u00e1kon p\u0159esn\u011b nespecifikuje pr\u00e1va a povinnosti. Existuje zde prostor pro uv\u00e1\u017een\u00ed a rozhodov\u00e1n\u00ed \u010dlen\u016f OZ.<\/p>\n<h3>Podnik\u00e1n\u00ed jm\u00e9nem OZ<\/h3>\n<p>V prvn\u00ed \u0159ad\u011b je t\u0159eba si uv\u011bdomit, \u017ee OZ se nezakl\u00e1d\u00e1 za \u00fa\u010delem dosahov\u00e1n\u00ed zisku. OZ p\u0159esto m\u016f\u017ee prov\u00e1d\u011bt v\u00fdd\u011ble\u010dnou \u010dinnost na z\u00e1klad\u011b \u017eivnostensk\u00e9ho opr\u00e1vn\u011bn\u00ed. V\u00fdd\u011ble\u010dn\u00e1 \u010dinnost jm\u00e9nem OZ by m\u011bla slou\u017eit k podpo\u0159e a dosahov\u00e1n\u00ed prim\u00e1rn\u00edch c\u00edl\u016f OZ.<\/p>\n<h2>Proces registrace sdru\u017een\u00ed na Ministerstvu vnitra\u00a0SR<\/h2>\n<p>V okam\u017eiku p\u0159edlo\u017een\u00ed stanov a n\u00e1vrhu o registraci, za\u010dne Ministerstvo vnitra (d\u00e1le jen ,, MV&#8221;) proces, kter\u00fd naz\u00fdv\u00e1me \u0159\u00edzen\u00ed o registraci sdru\u017een\u00ed. V p\u0159\u00edpad\u011b, \u017ee p\u0159edlo\u017een\u00fd n\u00e1vrh obsahuje v\u0161echny z\u00e1konod\u00e1rcem p\u0159edepsan\u00e9 n\u00e1le\u017eitosti, MV ozn\u00e1m\u00ed zmocn\u011bnci den, v kter\u00fd zah\u00e1j\u00ed \u0159\u00edzen\u00ed o registraci a n\u00e1sledn\u011b registraci ve lh\u016ft\u011b do 10 dn\u016f provede. MV ex officio (z \u00fa\u0159edn\u00ed povinnosti) za\u0161le zmocn\u011bnci ji\u017e vyhotoven\u00e9 stanovy, na nich\u017e je vyzna\u010deno datum registrace.<\/p>\n<p>Pokud dojde ale k situaci, \u017ee MV nerozhodne o odm\u00edtnut\u00ed registrace, nerozhodne v\u0161ak ani v 10 denn\u00ed lh\u016ft\u011b, plat\u00ed, \u017ee po uplynut\u00ed 40 dn\u016f je prvn\u00edm n\u00e1sleduj\u00edc\u00edm dnem sdru\u017een\u00ed registrovan\u00e9. Zmocn\u011bnec je opr\u00e1vn\u011bn prvn\u00ed den po marn\u00e9m uplynut\u00ed t\u00e9to lh\u016fty opr\u00e1vn\u011bn po\u017e\u00e1dat MV o zasl\u00e1n\u00ed stan\u016f (spolu s vyzna\u010den\u00edm dne, ve kter\u00e9m bylo OZ registrov\u00e1no). Vyskytnut\u00ed t\u00e9to okolnosti je velmi ojedin\u011bl\u00e9.<\/p>\n<p>V p\u0159\u00edpad\u011b, \u017ee n\u00e1vrh obsahuje n\u00e1le\u017eitosti, pro kter\u00e9 nelze OZ registrovat, MV vnitra na to upozorn\u00ed do 5 dn\u016f od pod\u00e1n\u00ed n\u00e1vrhu. Pokud v\u0161ak vady odstran\u011bny nebudou, \u0159\u00edzen\u00ed se z \u00fa\u0159edn\u00ed povinnosti zastav\u00ed.<\/p>\n<p>MV v\u017edy odm\u00edtne registrovat OZ, ze kter\u00e9ho c\u00edle vypl\u00fdv\u00e1 jedna z n\u00e1sleduj\u00edc\u00edch mo\u017enost\u00ed:<\/p>\n<div><\/p>\n<ul class=\"card-list\">\n<li>jde o sdru\u017een\u00ed, jeho\u017e c\u00edle odporuj\u00ed z\u00e1konu, \u00dastavu, mezin\u00e1rodn\u00edm smlouv\u00e1m,<\/li>\n<li>obsah stanov je v p\u0159\u00edm\u00e9m rozporu se z\u00e1konem o sdru\u017eov\u00e1n\u00ed ob\u010dan\u016f,<\/li>\n<li>c\u00edlem sdru\u017een\u00ed je prov\u00e1d\u011bt nap\u0159. svobodn\u00e1 povol\u00e1n\u00ed (architekt a jin\u00e9), vyv\u00edjet politickou \u010dinnost, \u010dinnost jej\u00ed\u017e p\u0159\u00edm\u00fdm \u00famyslem je dosahov\u00e1n\u00ed zisku, \u010dinnost kter\u00e9 m\u00e9 charakter n\u00e1bo\u017eensk\u00e9 nebo obdobn\u00e9 \u010dinnosti.<\/li>\n<\/ul>\n<p><\/div>\n<p>V p\u0159\u00edpad\u011b, \u017ee \u00fast\u0159edn\u00ed org\u00e1n st\u00e1tn\u00ed spr\u00e1vy na dan\u00e9m \u00faseku, v na\u0161em p\u0159\u00edpad\u011b MV SR rozhodne o odm\u00edtnut\u00ed registrace OZ, u\u010din\u00ed tak v z\u00e1sad\u011b do 10 dn\u016f, od pod\u00e1n\u00ed kompletn\u00edho n\u00e1vrhu na registraci. Pokud maj\u00ed \u010dlenov\u00e9 p\u0159\u00edpravn\u00e9ho v\u00fdboru OZ pocit, \u017ee MV konalo v rozporu ze z\u00e1konem, existuje v \u010desk\u00e9 pr\u00e1vn\u00ed \u00faprav\u011b mo\u017enost pod\u00e1n\u00ed opravn\u00e9ho prost\u0159edku. P\u0159\u00edslu\u0161n\u00fdm org\u00e1nem pro pod\u00e1n\u00ed opravn\u00e9ho prost\u0159edku v tomto p\u0159\u00edpad\u011b je Nejvy\u0161\u0161\u00ed soud Slovensk\u00e9\u00a0republiky. Zde je t\u0159eba uv\u00e9st, \u017ee je d\u016fle\u017eit\u00e9 dodr\u017een\u00ed lh\u016fty 60 dn\u016f od doru\u010den\u00ed rozhodnut\u00ed o odm\u00edtnut\u00ed registrace OZ. Pokud Nejvy\u0161\u0161\u00ed soud svou \u010dinnost\u00ed zjist\u00ed, \u017ee v dob\u011b vyd\u00e1n\u00ed rozhodnut\u00ed o odm\u00edtnut\u00ed registrace neexistovaly d\u016fvody odm\u00edtnut\u00ed, rozhodnut\u00ed MV zru\u0161\u00ed. Den doru\u010den\u00ed rozhodnut\u00ed Nejvy\u0161\u0161\u00edho soudu je i den registrace OZ. Ministerstvo tedy na \u017e\u00e1dost zmocn\u011bnce vyd\u00e1 stanovy i s vyzna\u010den\u00fdm datem registrace. V tomto p\u0159\u00edpad\u011b slovensk\u00fd pr\u00e1vn\u00ed \u0159\u00e1d uplat\u0148uje z\u00e1sadu druh\u00e9 instance \u0159\u00edzen\u00ed, tedy nemo\u017enosti pod\u00e1n\u00ed opravn\u00e9ho prost\u0159edku proti rozhodnut\u00ed Nejvy\u0161\u0161\u00edho soudu. Rozhodnut\u00ed je tedy kone\u010dn\u00e9.<\/p>\n<p>V praxi se st\u00e1le \u010dast\u011bji setk\u00e1v\u00e1me s t\u00edm, \u017ee MV jako \u00fast\u0159edn\u00ed org\u00e1n, upozor\u0148uje p\u0159\u00edpravn\u00fd v\u00fdbor na nedostatky (nap\u0159\u00edklad pokud si zvol\u00edte n\u00e1zev OZ v jin\u00e9m ne\u017e slovensk\u00e9m jazyce), kter\u00e9 v\u0161ak fakticky nedostatky ani nejsou. V takov\u00e9m p\u0159\u00edpad\u011b je t\u0159eba doporu\u010dit ob\u010dan\u016fm, aby vyu\u017eily z\u00e1sady, \u017ee co nen\u00ed z\u00e1konem zak\u00e1z\u00e1no je dovoleno. Tedy MV nem\u016f\u017ee po\u017eadovat od ob\u010dana n\u011bco resp. nem\u016f\u017ee m\u00edt v\u00fdhrady nap\u0159. k stanov\u00e1m OZ, pokud takov\u00e1 v\u00fdhrada nenach\u00e1z\u00ed oporu v z\u00e1kon\u011b.<\/p>\n<p>Upozorn\u011bn\u00ed MV v\u0161ak nen\u00ed rozhodnut\u00edm, proti kter\u00e9mu je mo\u017en\u00e9 se odvol\u00e1vat (pod\u00e1vat opravn\u00fd prost\u0159edek). V p\u0159ev\u00e1\u017en\u00e9 v\u011bt\u0161in\u011b p\u0159\u00edpad\u016f m\u00e1me za to, \u017ee sta\u010d\u00ed osobn\u00ed intervence nebo kontaktov\u00e1n\u00ed odpov\u011bdn\u00e9 osoby mailovou komunikac\u00ed nebo listem a p\u0159\u00edpadn\u00e1 nedorozum\u011bn\u00ed je mo\u017en\u00e9 odstranit i touto formou. Pokud nastane situace, \u017ee MV na sv\u00fdch n\u00e1mitek trv\u00e1, z pr\u00e1vn\u00edho hlediska je mo\u017en\u00e9 doporu\u010dit n\u011bkolik vhodn\u00fdch variant:<\/p>\n<div><\/p>\n<ul class=\"card-list\">\n<li>podat podn\u011bt na p\u0159ezkoum\u00e1n\u00ed \u017e\u00e1dosti prokuraturou, jak org\u00e1n\u016fm dozoru nad z\u00e1konnost\u00ed;<\/li>\n<li>zaslat MV, na odbor kontroly st\u00ed\u017enost podle z\u00e1kona \u010d . 152\/1998;<\/li>\n<li>vyzvat MV aby p\u00edsemn\u011b potvrdilo, \u017ee odm\u00edt\u00e1 registraci, toto potvrzen\u00ed m\u00e1 formu rozhodnut\u00ed, tedy je v\u016f\u010di n\u011bmu mo\u017en\u00e9 podat opravn\u00fd prost\u0159edek k Nejvy\u0161\u0161\u00edmu soudu Slovensk\u00e9 republiky .<\/li>\n<\/ul>\n<p><\/div>\n<h2>Z\u00e1nik ob\u010dansk\u00e9ho sdru\u017een\u00ed na Slovensku<\/h2>\n<p>Slovensk\u00e1 pr\u00e1vn\u00ed \u00faprava zn\u00e1 n\u011bkolik mo\u017enost\u00ed z\u00e1niku OZ. Rozezn\u00e1v\u00e1me f\u00fazi s jin\u00fdm ji\u017e existuj\u00edc\u00edm ob\u010dansk\u00fdm sdru\u017een\u00edm nebo rozhodnut\u00ed samotn\u00e9ho sdru\u017een\u00ed o rozpu\u0161t\u011bn\u00ed.<\/p>\n<h3>Splynut\u00ed resp. slou\u010den\u00ed OZ<\/h3>\n<p>Hovo\u0159\u00edme o procesu, kdy st\u00e1vaj\u00edc\u00ed OZ splyne nebo se slou\u010d\u00ed s jin\u00fdm, bu\u010f vznikaj\u00edc\u00edm nebo stejn\u011b ji\u017e existuj\u00edc\u00edm OZ. V\u0161echna aktiva i pasiva OZ p\u0159ech\u00e1zej\u00ed ze z\u00e1kona na pr\u00e1vn\u00edho n\u00e1stupce OZ.<\/p>\n<h3>Dobrovoln\u00e9 rozpu\u0161t\u011bn\u00ed OZ<\/h3>\n<p>Rozpu\u0161t\u011bn\u00ed ob\u010dansk\u00e9ho sdru\u017een\u00ed prov\u00e1d\u00ed v\u017edy org\u00e1n, kter\u00e9mu takov\u00e1 pravomoc vypl\u00fdv\u00e1 ze stanov OZ. OZ se v\u017edy zru\u0161uje likvidac\u00ed. Likvidaci je mo\u017en\u00e9 charakterizovat jako z\u00e1konem p\u0159edepsan\u00fd proces, jeho\u017e \u00fa\u010delem je vypo\u0159\u00e1dat v\u0161echny z\u00e1vazky sdru\u017een\u00ed (pat\u0159\u00ed sem v\u0161echna aktiva i pasiva sdru\u017een\u00ed). Zbytek majetku se rozd\u011bl\u00ed mezi \u010dleny sdru\u017een\u00ed v pom\u011bru, jak\u00fd si dohodli ve stanov\u00e1ch spole\u010dnosti. Pokud se sdru\u017een\u00ed nach\u00e1z\u00ed v procesu likvidace, z\u00e1konod\u00e1rce p\u0159izn\u00e1v\u00e1 sdru\u017een\u00ed povinnost, aby za sv\u00fdm jm\u00e9nem v dob\u011b likvidace uv\u00e1d\u011bla dodatek ,, v likvid\u00e1cii&#8221;. Jako p\u0159\u00edklad uvedu OZ FC BRATISLAVA v likvidaci.<\/p>\n<p><strong>Likvidaci<\/strong> jako proces v\u017edy prov\u00e1d\u00ed ustanoven likvid\u00e1tor. Je to fyzick\u00e1 osoba, kter\u00e1 je opr\u00e1vn\u011bna jednat jm\u00e9nem sdru\u017een\u00ed, nebo jin\u00e1 osoba, kter\u00e9 bylo toto pr\u00e1vo p\u0159izn\u00e1no org\u00e1nem sdru\u017een\u00ed.<\/p>\n<p>Za\u010d\u00e1tek likvidace je tak\u00e9 momentem, kdy se kon\u010d\u00ed \u00fa\u010detn\u00ed obdob\u00ed OZ. Likvid\u00e1tor je povinen ke dni, kdy sdru\u017een\u00ed vstoupilo do procesu likvidace sestavit \u00fa\u010detn\u00ed z\u00e1v\u011brku sdru\u017een\u00ed. Informaci o kapit\u00e1lu, je povinen podat kter\u00e9mukoli \u010dlenovi sdru\u017een\u00ed. Likvid\u00e1torovi vznik\u00e1 i oznamovac\u00ed povinnost v\u016f\u010di MV ve lh\u016ft\u011b 15 dn\u016f od za\u010d\u00e1tku likvidace.<\/p>\n<p>Likvid\u00e1tor ze z\u00e1kona, uv\u011bdom\u00ed v\u0161ech zn\u00e1m\u00fdch v\u011b\u0159itel\u016f o zah\u00e1jen\u00ed likvida\u010dn\u00edho. Tento moment je signifikantn\u00ed pro p\u0159ihl\u00e1\u0161en\u00ed sv\u00fdch pohled\u00e1vek do likvidace. Likvid\u00e1tor z\u00e1rove\u0148 stanov\u00ed i lh\u016ftu pro p\u0159ihl\u00e1\u0161en\u00ed, kter\u00e1 v\u0161ak nesm\u00ed b\u00fdt krat\u0161\u00ed ne\u017e 90 dn\u016f. P\u0159ihl\u00e1sit pohled\u00e1vku do likvidace je mo\u017en\u00e9 i po uplynut\u00ed lh\u016fty, av\u0161ak jen do rozd\u011blen\u00ed likvida\u010dn\u00edho z\u016fstatku.<\/p>\n<p>Po ukon\u010den\u00ed procesu likvidace je likvid\u00e1tor ze z\u00e1kona povinen vystavit \u00fa\u010detn\u00ed z\u00e1v\u011brku za \u010das likvidace. \u00da\u010detn\u00ed z\u00e1v\u011brka spolu se zpr\u00e1vou o procesu likvidace se p\u0159edkl\u00e1d\u00e1 v\u00fdboru sdru\u017een\u00ed ke schv\u00e1len\u00ed. Podle n\u00e1vrhu likvid\u00e1tora se rozd\u011bl\u00ed likvida\u010dn\u00ed z\u016fstatek a t\u00edmto okam\u017eikem nast\u00e1v\u00e1 ukon\u010den\u00ed likvidace. P\u0159i tomto aktu, nesm\u00edme opomenout povinnost vypl\u00fdvaj\u00edc\u00ed likvid\u00e1torovi a to podat da\u0148ov\u00e9 p\u0159izn\u00e1n\u00ed. Po ukon\u010den\u00ed likvidace za\u010d\u00edn\u00e1 b\u011b\u017eet 90denn\u00ed lh\u016fta, b\u011bhem n\u00ed\u017e je likvid\u00e1tor ze z\u00e1kona povinen doru\u010dit MV n\u00e1vrh, aby vymazalo OZ z rejst\u0159\u00edku Ob\u010dansk\u00fdch sdru\u017een\u00ed.<\/p>\n<h3>Postup v 4. kroc\u00edch jak zalo\u017eit ob\u010dansk\u00e9 sdru\u017een\u00ed &#8211; infografika<\/h3>\n<h3>Vzor dokument\u016f ke sta\u017een\u00ed<\/h3>\n<div>\n<ul class=\"card-list\">\n<li><a href=\"https:\/\/www.fontionnel.sk\/wp-content\/uploads\/2016\/03\/N\u00e1vrh-na-registr\u00e1ciu-ob\u010dianskeho-zdru\u017eenia.pdf\" rel=\"\">N\u00e1vrh na registr\u00e1ciu ob\u010dianskeho zdru\u017eenia<\/a><\/li>\n<li><a href=\"https:\/\/www.fontionnel.sk\/wp-content\/uploads\/2016\/03\/Stanovy-ob\u010dianskeho-zdru\u017eenia-navod-na-vypracovanie-vzor.pdf\" rel=\"\">Stanovy ob\u010dianskeho zdru\u017eenia navod na vypracovanie vzor<\/a><\/li>\n<\/ul>\n<p><\/div><\/p>","protected":false},"excerpt":{"rendered":"<p>P\u0159edstaven\u00ed ob\u010dansk\u00e9ho sdru\u017een\u00ed P\u0159edt\u00edm ne\u017e p\u0159istoup\u00edme k popisu toho, jak se Ob\u010dansk\u00e9 sdru\u017een\u00ed na Slovensku ( d\u00e1le jen ,, OZ&#8221;&#8230;<\/p>\n","protected":false},"author":2,"featured_media":8795,"comment_status":"closed","ping_status":"closed","sticky":true,"template":"","format":"standard","meta":{"footnotes":""},"categories":[4,1],"tags":[],"class_list":["post-8690","post","type-post","status-publish","format-standard","has-post-thumbnail","hentry","category-ekonomicke-aktuality-pravne-informacie","category-clanky"],"aioseo_notices":[],"_links":{"self":[{"href":"https:\/\/www.fontionnel.sk\/cz\/wp-json\/wp\/v2\/posts\/8690","targetHints":{"allow":["GET"]}}],"collection":[{"href":"https:\/\/www.fontionnel.sk\/cz\/wp-json\/wp\/v2\/posts"}],"about":[{"href":"https:\/\/www.fontionnel.sk\/cz\/wp-json\/wp\/v2\/types\/post"}],"author":[{"embeddable":true,"href":"https:\/\/www.fontionnel.sk\/cz\/wp-json\/wp\/v2\/users\/2"}],"replies":[{"embeddable":true,"href":"https:\/\/www.fontionnel.sk\/cz\/wp-json\/wp\/v2\/comments?post=8690"}],"version-history":[{"count":21,"href":"https:\/\/www.fontionnel.sk\/cz\/wp-json\/wp\/v2\/posts\/8690\/revisions"}],"predecessor-version":[{"id":8837,"href":"https:\/\/www.fontionnel.sk\/cz\/wp-json\/wp\/v2\/posts\/8690\/revisions\/8837"}],"wp:featuredmedia":[{"embeddable":true,"href":"https:\/\/www.fontionnel.sk\/cz\/wp-json\/wp\/v2\/media\/8795"}],"wp:attachment":[{"href":"https:\/\/www.fontionnel.sk\/cz\/wp-json\/wp\/v2\/media?parent=8690"}],"wp:term":[{"taxonomy":"category","embeddable":true,"href":"https:\/\/www.fontionnel.sk\/cz\/wp-json\/wp\/v2\/categories?post=8690"},{"taxonomy":"post_tag","embeddable":true,"href":"https:\/\/www.fontionnel.sk\/cz\/wp-json\/wp\/v2\/tags?post=8690"}],"curies":[{"name":"wp","href":"https:\/\/api.w.org\/{rel}","templated":true}]}}